{"id":822,"date":"2020-11-05T18:37:51","date_gmt":"2020-11-05T18:37:51","guid":{"rendered":"https:\/\/feuerwehr-kollnburg.de\/?p=822"},"modified":"2020-11-21T08:52:16","modified_gmt":"2020-11-21T08:52:16","slug":"faschingsball-2021-in-der-stadthalle-viechtach-entfaellt","status":"publish","type":"post","link":"https:\/\/feuerwehr-kollnburg.de\/?p=822","title":{"rendered":"Faschingsball 2021 in der Stadthalle Viechtach entf\u00e4llt"},"content":{"rendered":"\n<p>Liebe Faschingsfreunde,<br> die weltweit herrschende Corona-Pandemie geht auch an uns nicht spurlos vor\u00fcber. Aufgrund der derzeit unsicheren Planungslage, den Veranstaltungsauflagen, der Sicherheit unserer G\u00e4ste usw. haben wir beschlossen auf unseren Faschingsball 2021 zu verzichten. Wir bitten um Verst\u00e4ndnis f\u00fcr unsere Entscheidung.<\/p>\n\n\n\n<p>Hoit\u00b4s zamm und hoit\u00b4s Abstand.<br>Kollnburger Fasching, wir sehen uns wieder. <\/p>\n\n\n\n<p>Vorstandschaft der FF Kollnburg<\/p>\n\n\n\n<p><\/p>\n","protected":false},"excerpt":{"rendered":"<p>Feuerwehrball 2021 muss leider entfallen aufgrund der Covid-19-Pandemie<\/p>\n","protected":false},"author":1,"featured_media":823,"comment_status":"closed","ping_status":"closed","sticky":false,"template":"","format":"standard","meta":{"_genesis_hide_title":false,"_genesis_hide_breadcrumbs":false,"_genesis_hide_singular_image":false,"_genesis_hide_footer_widgets":false,"_genesis_custom_body_class":"","_genesis_custom_post_class":"","_genesis_layout":"full-width-content","footnotes":""},"categories":[11,37],"tags":[],"class_list":{"0":"post-822","1":"post","2":"type-post","3":"status-publish","4":"format-standard","5":"has-post-thumbnail","7":"category-verein-aktuelles","8":"category-faschingsball","9":"entry"},"featured_image_src":"https:\/\/feuerwehr-kollnburg.de\/wp-content\/uploads\/2020\/11\/Vorschau_Faschingsball-600x400.jpg","featured_image_src_square":"https:\/\/feuerwehr-kollnburg.de\/wp-content\/uploads\/2020\/11\/Vorschau_Faschingsball-600x600.jpg","author_info":{"display_name":false,"author_link":"https:\/\/feuerwehr-kollnburg.de\/?author=1"},"_links":{"self":[{"href":"https:\/\/feuerwehr-kollnburg.de\/index.php?rest_route=\/wp\/v2\/posts\/822","targetHints":{"allow":["GET"]}}],"collection":[{"href":"https:\/\/feuerwehr-kollnburg.de\/index.php?rest_route=\/wp\/v2\/posts"}],"about":[{"href":"https:\/\/feuerwehr-kollnburg.de\/index.php?rest_route=\/wp\/v2\/types\/post"}],"author":[{"embeddable":true,"href":"https:\/\/feuerwehr-kollnburg.de\/index.php?rest_route=\/wp\/v2\/users\/1"}],"replies":[{"embeddable":true,"href":"https:\/\/feuerwehr-kollnburg.de\/index.php?rest_route=%2Fwp%2Fv2%2Fcomments&post=822"}],"version-history":[{"count":1,"href":"https:\/\/feuerwehr-kollnburg.de\/index.php?rest_route=\/wp\/v2\/posts\/822\/revisions"}],"predecessor-version":[{"id":824,"href":"https:\/\/feuerwehr-kollnburg.de\/index.php?rest_route=\/wp\/v2\/posts\/822\/revisions\/824"}],"wp:featuredmedia":[{"embeddable":true,"href":"https:\/\/feuerwehr-kollnburg.de\/index.php?rest_route=\/wp\/v2\/media\/823"}],"wp:attachment":[{"href":"https:\/\/feuerwehr-kollnburg.de\/index.php?rest_route=%2Fwp%2Fv2%2Fmedia&parent=822"}],"wp:term":[{"taxonomy":"category","embeddable":true,"href":"https:\/\/feuerwehr-kollnburg.de\/index.php?rest_route=%2Fwp%2Fv2%2Fcategories&post=822"},{"taxonomy":"post_tag","embeddable":true,"href":"https:\/\/feuerwehr-kollnburg.de\/index.php?rest_route=%2Fwp%2Fv2%2Ftags&post=822"}],"curies":[{"name":"wp","href":"https:\/\/api.w.org\/{rel}","templated":true}]}}