{"id":5240,"date":"2025-06-20T08:04:44","date_gmt":"2025-06-20T08:04:44","guid":{"rendered":"https:\/\/feuerwehr-kollnburg.de\/?p=5240"},"modified":"2025-06-23T08:10:14","modified_gmt":"2025-06-23T08:10:14","slug":"einsatz-20-06-2025","status":"publish","type":"post","link":"https:\/\/feuerwehr-kollnburg.de\/?p=5240","title":{"rendered":"Einsatz 20.06.2025"},"content":{"rendered":"\n<figure class=\"wp-block-table\"><table class=\"has-fixed-layout\"><tbody><tr><td>Alarm<\/td><td>20.06.2025 &#8211; 1:40 Uhr<\/td><\/tr><tr><td>Stichwort<\/td><td>THL 2 &#8211; VU eCall<\/td><\/tr><tr><td>Einsatzort<\/td><td>St. 2139 h\u00f6he H\u00f6fen<\/td><\/tr><tr><td>Einsatzdauer<\/td><td>ca. 3 Stunden<\/td><\/tr><tr><td>Im Einsatz<\/td><td>HLF \u2013 Kollnburg 40\/1 <br>LF10 \u2013 Kollnburg 43\/1 <br>MTW \u2013 Kollnburg 14\/1 mit MZA<\/td><\/tr><tr><td>Weitere Feuerwehren \/ weitere Kr\u00e4fte<\/td><td><a href=\"https:\/\/www.facebook.com\/FFSTADTVIECHTACH?__cft__[0]=AZWjc_NXDZhC3CuY1CQEFD5KlOkQW4Gg2_Qv4Qw1Mq6D1TC7yaUotyv8XeyPJxCEwsxlXjJP15v7eQoarzJm3T35L-QQ3T1t8iHlzjBtSMCSzHR8LT0LSGwWilZYsuQTHviLa1_0it5Z66bhqKnj06_9P8VbC7dYg_2uIM_s-kSGgZ3eOMcFQtorsDmEft5dTasDrdf_OHAB-Vb_r5QnMxZl&amp;__tn__=-]K-R\" target=\"_blank\" rel=\"noreferrer noopener\">Freiwillige Feuerwehr Stadt Viechtach<\/a><br><a href=\"https:\/\/www.instagram.com\/_u\/ffwblossersberg?fbclid=IwZXh0bgNhZW0CMTAAYnJpZBEwSFZrWTVTVndJbEUxeWdPWgEeEm5R83UanRjTlJfrdX6PbSpqkx2pH5HoAcqgWjtwynrCx8vgxcirgdxOxEo_aem_ogFqXMX53bCRxPqmhW54Hw\" target=\"_blank\" rel=\"noreferrer noopener\">ffwblossersberg<\/a><\/td><\/tr><\/tbody><\/table><\/figure>\n\n\n\n<figure class=\"wp-block-gallery has-nested-images columns-default is-cropped wp-block-gallery-1 is-layout-flex wp-block-gallery-is-layout-flex\">\n<figure class=\"wp-block-image size-large\"><a href=\"https:\/\/feuerwehr-kollnburg.de\/wp-content\/uploads\/2025\/06\/Foto2.jpg\"><img loading=\"lazy\" decoding=\"async\" width=\"1024\" height=\"768\" data-id=\"5242\" src=\"https:\/\/feuerwehr-kollnburg.de\/wp-content\/uploads\/2025\/06\/Foto2-1024x768.jpg\" alt=\"\" class=\"wp-image-5242\" srcset=\"https:\/\/feuerwehr-kollnburg.de\/wp-content\/uploads\/2025\/06\/Foto2-1024x768.jpg 1024w, https:\/\/feuerwehr-kollnburg.de\/wp-content\/uploads\/2025\/06\/Foto2-300x225.jpg 300w, https:\/\/feuerwehr-kollnburg.de\/wp-content\/uploads\/2025\/06\/Foto2-768x576.jpg 768w, https:\/\/feuerwehr-kollnburg.de\/wp-content\/uploads\/2025\/06\/Foto2-702x526.jpg 702w, https:\/\/feuerwehr-kollnburg.de\/wp-content\/uploads\/2025\/06\/Foto2.jpg 1440w\" sizes=\"auto, (max-width: 1024px) 100vw, 1024px\" \/><\/a><\/figure>\n\n\n\n<figure class=\"wp-block-image size-large\"><img loading=\"lazy\" decoding=\"async\" width=\"1024\" height=\"768\" data-id=\"5241\" src=\"https:\/\/feuerwehr-kollnburg.de\/wp-content\/uploads\/2025\/06\/Foto3-1024x768.jpg\" alt=\"\" class=\"wp-image-5241\" srcset=\"https:\/\/feuerwehr-kollnburg.de\/wp-content\/uploads\/2025\/06\/Foto3-1024x768.jpg 1024w, https:\/\/feuerwehr-kollnburg.de\/wp-content\/uploads\/2025\/06\/Foto3-300x225.jpg 300w, https:\/\/feuerwehr-kollnburg.de\/wp-content\/uploads\/2025\/06\/Foto3-768x576.jpg 768w, https:\/\/feuerwehr-kollnburg.de\/wp-content\/uploads\/2025\/06\/Foto3-702x526.jpg 702w, https:\/\/feuerwehr-kollnburg.de\/wp-content\/uploads\/2025\/06\/Foto3.jpg 1346w\" sizes=\"auto, (max-width: 1024px) 100vw, 1024px\" \/><\/figure>\n<\/figure>\n\n\n\n<p>In der Nacht auf Freitag wurden wir zu einem eCall alarmiert, dieser durch ein Handy ausgel\u00f6st wurde.<\/p>\n\n\n\n<p>Vor Ort best\u00e4tigte sich die Lage. Ein junger Mann ist von der Stra\u00dfe abgekommen und ist in einem Waldst\u00fcck auf dem Dach zu liegen gekommen.<\/p>\n\n\n\n<p>Er wurde dabei verletzt und im PKW eingeschlossen.<\/p>\n\n\n\n<p>Die Kameraden der FF Kollnburg befreiten den Mann mittels schweren technischen Ger\u00e4t.<\/p>\n\n\n\n<p>Da zun\u00e4chst unklar war ob sich weitere Personen im Fahrzeug befindet haben wurde durch die Feuerwehr, Polizei, Drohne der <a href=\"https:\/\/www.instagram.com\/_u\/ffwblossersberg?fbclid=IwZXh0bgNhZW0CMTAAYnJpZBEwSFZrWTVTVndJbEUxeWdPWgEeqRltNssSjEGxTojgcmK1UembE8tKF_5iORAjwa7JYi3tSlIPD02kH9PzbsM_aem_nFAP1lPbNa0FiSthmDNEKw\" rel=\"noreferrer noopener\" target=\"_blank\">ffwblossersberg<\/a> und ein Polizeihubschrauber das n\u00e4here Unfallumfeld abgesucht.<\/p>\n\n\n\n<p>Hier konnte dann Entwarnung gegeben werden.<\/p>\n\n\n\n<p>FF Kollnburg<\/p>\n","protected":false},"excerpt":{"rendered":"<p>THL 2 &#8211; VU eCall<\/p>\n","protected":false},"author":1,"featured_media":5242,"comment_status":"closed","ping_status":"closed","sticky":false,"template":"","format":"standard","meta":{"_genesis_hide_title":false,"_genesis_hide_breadcrumbs":false,"_genesis_hide_singular_image":false,"_genesis_hide_footer_widgets":false,"_genesis_custom_body_class":"","_genesis_custom_post_class":"","_genesis_layout":"full-width-content","footnotes":""},"categories":[22],"tags":[],"class_list":{"0":"post-5240","1":"post","2":"type-post","3":"status-publish","4":"format-standard","5":"has-post-thumbnail","7":"category-einsaetze","8":"entry"},"featured_image_src":"https:\/\/feuerwehr-kollnburg.de\/wp-content\/uploads\/2025\/06\/Foto2-600x400.jpg","featured_image_src_square":"https:\/\/feuerwehr-kollnburg.de\/wp-content\/uploads\/2025\/06\/Foto2-600x600.jpg","author_info":{"display_name":false,"author_link":"https:\/\/feuerwehr-kollnburg.de\/?author=1"},"_links":{"self":[{"href":"https:\/\/feuerwehr-kollnburg.de\/index.php?rest_route=\/wp\/v2\/posts\/5240","targetHints":{"allow":["GET"]}}],"collection":[{"href":"https:\/\/feuerwehr-kollnburg.de\/index.php?rest_route=\/wp\/v2\/posts"}],"about":[{"href":"https:\/\/feuerwehr-kollnburg.de\/index.php?rest_route=\/wp\/v2\/types\/post"}],"author":[{"embeddable":true,"href":"https:\/\/feuerwehr-kollnburg.de\/index.php?rest_route=\/wp\/v2\/users\/1"}],"replies":[{"embeddable":true,"href":"https:\/\/feuerwehr-kollnburg.de\/index.php?rest_route=%2Fwp%2Fv2%2Fcomments&post=5240"}],"version-history":[{"count":1,"href":"https:\/\/feuerwehr-kollnburg.de\/index.php?rest_route=\/wp\/v2\/posts\/5240\/revisions"}],"predecessor-version":[{"id":5243,"href":"https:\/\/feuerwehr-kollnburg.de\/index.php?rest_route=\/wp\/v2\/posts\/5240\/revisions\/5243"}],"wp:featuredmedia":[{"embeddable":true,"href":"https:\/\/feuerwehr-kollnburg.de\/index.php?rest_route=\/wp\/v2\/media\/5242"}],"wp:attachment":[{"href":"https:\/\/feuerwehr-kollnburg.de\/index.php?rest_route=%2Fwp%2Fv2%2Fmedia&parent=5240"}],"wp:term":[{"taxonomy":"category","embeddable":true,"href":"https:\/\/feuerwehr-kollnburg.de\/index.php?rest_route=%2Fwp%2Fv2%2Fcategories&post=5240"},{"taxonomy":"post_tag","embeddable":true,"href":"https:\/\/feuerwehr-kollnburg.de\/index.php?rest_route=%2Fwp%2Fv2%2Ftags&post=5240"}],"curies":[{"name":"wp","href":"https:\/\/api.w.org\/{rel}","templated":true}]}}