{"id":5072,"date":"2024-04-21T07:55:37","date_gmt":"2024-04-21T07:55:37","guid":{"rendered":"https:\/\/feuerwehr-kollnburg.de\/?p=5072"},"modified":"2024-04-21T07:57:27","modified_gmt":"2024-04-21T07:57:27","slug":"generalversammlung-der-ffw-kollnburg-am-16-03-2024","status":"publish","type":"post","link":"https:\/\/feuerwehr-kollnburg.de\/?p=5072","title":{"rendered":"Generalversammlung der FFW Kollnburg am 16.03.2024"},"content":{"rendered":"\n<figure class=\"wp-block-gallery has-nested-images columns-default is-cropped wp-block-gallery-1 is-layout-flex wp-block-gallery-is-layout-flex\">\n<figure class=\"wp-block-image size-large\"><a href=\"https:\/\/feuerwehr-kollnburg.de\/wp-content\/uploads\/2024\/04\/Foto_1-scaled.jpg\"><img loading=\"lazy\" decoding=\"async\" width=\"1024\" height=\"683\" data-id=\"5073\" src=\"https:\/\/feuerwehr-kollnburg.de\/wp-content\/uploads\/2024\/04\/Foto_1-1024x683.jpg\" alt=\"\" class=\"wp-image-5073\" srcset=\"https:\/\/feuerwehr-kollnburg.de\/wp-content\/uploads\/2024\/04\/Foto_1-1024x683.jpg 1024w, https:\/\/feuerwehr-kollnburg.de\/wp-content\/uploads\/2024\/04\/Foto_1-300x200.jpg 300w, https:\/\/feuerwehr-kollnburg.de\/wp-content\/uploads\/2024\/04\/Foto_1-768x512.jpg 768w, https:\/\/feuerwehr-kollnburg.de\/wp-content\/uploads\/2024\/04\/Foto_1-1536x1024.jpg 1536w, https:\/\/feuerwehr-kollnburg.de\/wp-content\/uploads\/2024\/04\/Foto_1-2048x1366.jpg 2048w, https:\/\/feuerwehr-kollnburg.de\/wp-content\/uploads\/2024\/04\/Foto_1-600x400.jpg 600w\" sizes=\"auto, (max-width: 1024px) 100vw, 1024px\" \/><\/a><\/figure>\n\n\n\n<figure class=\"wp-block-image size-large\"><a href=\"https:\/\/feuerwehr-kollnburg.de\/wp-content\/uploads\/2024\/04\/Foto_2-scaled.jpg\"><img loading=\"lazy\" decoding=\"async\" width=\"1024\" height=\"683\" data-id=\"5074\" src=\"https:\/\/feuerwehr-kollnburg.de\/wp-content\/uploads\/2024\/04\/Foto_2-1024x683.jpg\" alt=\"\" class=\"wp-image-5074\" srcset=\"https:\/\/feuerwehr-kollnburg.de\/wp-content\/uploads\/2024\/04\/Foto_2-1024x683.jpg 1024w, https:\/\/feuerwehr-kollnburg.de\/wp-content\/uploads\/2024\/04\/Foto_2-300x200.jpg 300w, https:\/\/feuerwehr-kollnburg.de\/wp-content\/uploads\/2024\/04\/Foto_2-768x512.jpg 768w, https:\/\/feuerwehr-kollnburg.de\/wp-content\/uploads\/2024\/04\/Foto_2-1536x1025.jpg 1536w, https:\/\/feuerwehr-kollnburg.de\/wp-content\/uploads\/2024\/04\/Foto_2-2048x1366.jpg 2048w, https:\/\/feuerwehr-kollnburg.de\/wp-content\/uploads\/2024\/04\/Foto_2-600x400.jpg 600w\" sizes=\"auto, (max-width: 1024px) 100vw, 1024px\" \/><\/a><\/figure>\n<\/figure>\n\n\n\n<p>Am 16.03.2024 fand die 139. Generalversammlung der FFW Kollnburg im Burggasthof statt. <\/p>\n\n\n\n<p>Der erste Vorsitzende Toni Vielmuth konnte \u00fcber ein ereignisreiches Vereinsjahr berichten:  Zahlreiche Gr\u00fcndungsfeste der Nachbarfeuerwehren hat die FFW Kollnburg besucht, sie hat auch an vielen kirchlichen Terminen und Aktivit\u00e4ten der Gemeinde- und Nachbarvereine teilgenommen. Den absoluten H\u00f6hepunkt bildete nat\u00fcrlich das 150-j\u00e4hrige Gr\u00fcndungsfest mit dem Heimatfest der Superlative: Den Besuchern hat die FFW Kollnburg mit dem neu ausgerichteten und gro\u00dfen Festzelt sowie t\u00e4glich mit dem aufwendigen Programm ein gewaltiges Spektakel geboten.<\/p>\n\n\n\n<p>Der erste Kommandant Patrick Maier blickte in seinem Bericht auf die geleisteten 41 Eins\u00e4tze mit 560 Einsatzstunden zur\u00fcck. Die Mannschaft der FFW Kollnburg hat zur Gew\u00e4hrleistung der Einsatzbereitschaft an 19 \u00dcbungen mit ca. 450 \u00dcbungsstunden teilgenommen sowie an zahlreichen weiteren Lehrg\u00e4ngen und Ausbildungseinheiten. Im aktiven Dienst gab es im abgelaufenen Jahr zus\u00e4tzlich zum Gr\u00fcndungsfest ein weiteres gewaltiges Ereignis: Das neue L\u00f6schfahrzeug LF 10 wurde beschafft und ist nunmehr einsatzbereit.<\/p>\n\n\n\n<p>Die Berichte der Kinderfeuerwehr, der Jugendfeherwehr und des Atemschutzwartes mit ihren zahlreichen und regelm\u00e4\u00dfigen Aktivit\u00e4ten rundeten den Berichtsteil ab. Insgesamt verf\u00fcgt die FFW Kollnburg in allen Bereichen \u00fcber ein sehr aktives Vereinsleben.<\/p>\n\n\n\n<p>Bei dem Posten des Kassiers gab es einen personellen Wechsel: Marco Dietl hat die Generalversammlung einstimmig zum neuen Kassier gew\u00e4hlt, der die Wahl dann gerne angenommen hat.<\/p>\n\n\n\n<p>Gerhard Wilhelm wurde f\u00fcr sein langj\u00e4hriges Engagement als stellvertretender Atemschutzwart vom Kreisfeuerwehrverband Regen geehrt, er erhielt daf\u00fcr das Ehrenkreuz in Gold mit Urkunde. F\u00fcr das vergangene Vereinsjahr konnte dar\u00fcber hinaus eine Vielzahl der Kameradinnen und Kameraden bef\u00f6rdert, geehrt bzw. ein Abzeichen \u00fcberreicht werden. Die FFW Kollnburg bedankte sich schlie\u00dflich bei Marco Dietl f\u00fcr sein Engagement bei der Beschaffung des LF 10.<\/p>\n\n\n\n<p>Die Gru\u00dfworte des ersten B\u00fcrgermeisters Herbert Preu\u00df, von Heinrich M\u00fchlbauer f\u00fcr den Kreiswehrverband Regen und vom KBM Marco Dietl rundeten die Veranstaltung ab.  Toni Vielmuth schloss diese mit dem Schlusswort: &#8222;Gott zur Ehr &#8211; dem n\u00e4chsten zur Wehr.&#8220;<\/p>\n","protected":false},"excerpt":{"rendered":"<p>Kurzbericht der 139. Generalversammlung<\/p>\n","protected":false},"author":1,"featured_media":5074,"comment_status":"closed","ping_status":"closed","sticky":false,"template":"","format":"standard","meta":{"_genesis_hide_title":false,"_genesis_hide_breadcrumbs":false,"_genesis_hide_singular_image":false,"_genesis_hide_footer_widgets":false,"_genesis_custom_body_class":"","_genesis_custom_post_class":"","_genesis_layout":"full-width-content","footnotes":""},"categories":[11,14,9,16],"tags":[],"class_list":{"0":"post-5072","1":"post","2":"type-post","3":"status-publish","4":"format-standard","5":"has-post-thumbnail","7":"category-verein-aktuelles","8":"category-jugendfeuerwehr-aktuelles","9":"category-aktiverdienst-aktuelles","10":"category-kinderfeuerwehr-aktuelles","11":"entry"},"featured_image_src":"https:\/\/feuerwehr-kollnburg.de\/wp-content\/uploads\/2024\/04\/Foto_2-600x400.jpg","featured_image_src_square":"https:\/\/feuerwehr-kollnburg.de\/wp-content\/uploads\/2024\/04\/Foto_2-600x600.jpg","author_info":{"display_name":false,"author_link":"https:\/\/feuerwehr-kollnburg.de\/?author=1"},"_links":{"self":[{"href":"https:\/\/feuerwehr-kollnburg.de\/index.php?rest_route=\/wp\/v2\/posts\/5072","targetHints":{"allow":["GET"]}}],"collection":[{"href":"https:\/\/feuerwehr-kollnburg.de\/index.php?rest_route=\/wp\/v2\/posts"}],"about":[{"href":"https:\/\/feuerwehr-kollnburg.de\/index.php?rest_route=\/wp\/v2\/types\/post"}],"author":[{"embeddable":true,"href":"https:\/\/feuerwehr-kollnburg.de\/index.php?rest_route=\/wp\/v2\/users\/1"}],"replies":[{"embeddable":true,"href":"https:\/\/feuerwehr-kollnburg.de\/index.php?rest_route=%2Fwp%2Fv2%2Fcomments&post=5072"}],"version-history":[{"count":2,"href":"https:\/\/feuerwehr-kollnburg.de\/index.php?rest_route=\/wp\/v2\/posts\/5072\/revisions"}],"predecessor-version":[{"id":5078,"href":"https:\/\/feuerwehr-kollnburg.de\/index.php?rest_route=\/wp\/v2\/posts\/5072\/revisions\/5078"}],"wp:featuredmedia":[{"embeddable":true,"href":"https:\/\/feuerwehr-kollnburg.de\/index.php?rest_route=\/wp\/v2\/media\/5074"}],"wp:attachment":[{"href":"https:\/\/feuerwehr-kollnburg.de\/index.php?rest_route=%2Fwp%2Fv2%2Fmedia&parent=5072"}],"wp:term":[{"taxonomy":"category","embeddable":true,"href":"https:\/\/feuerwehr-kollnburg.de\/index.php?rest_route=%2Fwp%2Fv2%2Fcategories&post=5072"},{"taxonomy":"post_tag","embeddable":true,"href":"https:\/\/feuerwehr-kollnburg.de\/index.php?rest_route=%2Fwp%2Fv2%2Ftags&post=5072"}],"curies":[{"name":"wp","href":"https:\/\/api.w.org\/{rel}","templated":true}]}}