{"id":4710,"date":"2023-06-26T09:58:21","date_gmt":"2023-06-26T09:58:21","guid":{"rendered":"https:\/\/feuerwehr-kollnburg.de\/?p=4710"},"modified":"2023-06-30T10:00:50","modified_gmt":"2023-06-30T10:00:50","slug":"festausschuss-150-jahre-feuerwehr-kollnburg","status":"publish","type":"post","link":"https:\/\/feuerwehr-kollnburg.de\/?p=4710","title":{"rendered":"Festausschuss: 150 Jahre Feuerwehr Kollnburg"},"content":{"rendered":"\n<figure class=\"wp-block-gallery has-nested-images columns-default is-cropped wp-block-gallery-1 is-layout-flex wp-block-gallery-is-layout-flex\">\n<figure class=\"wp-block-image size-large\"><a href=\"https:\/\/feuerwehr-kollnburg.de\/wp-content\/uploads\/2023\/06\/Festausschuss.jpg\"><img loading=\"lazy\" decoding=\"async\" width=\"1024\" height=\"683\" data-id=\"4711\" src=\"https:\/\/feuerwehr-kollnburg.de\/wp-content\/uploads\/2023\/06\/Festausschuss-1024x683.jpg\" alt=\"\" class=\"wp-image-4711\" srcset=\"https:\/\/feuerwehr-kollnburg.de\/wp-content\/uploads\/2023\/06\/Festausschuss-1024x683.jpg 1024w, https:\/\/feuerwehr-kollnburg.de\/wp-content\/uploads\/2023\/06\/Festausschuss-300x200.jpg 300w, https:\/\/feuerwehr-kollnburg.de\/wp-content\/uploads\/2023\/06\/Festausschuss-768x512.jpg 768w, https:\/\/feuerwehr-kollnburg.de\/wp-content\/uploads\/2023\/06\/Festausschuss-1536x1025.jpg 1536w, https:\/\/feuerwehr-kollnburg.de\/wp-content\/uploads\/2023\/06\/Festausschuss-600x400.jpg 600w, https:\/\/feuerwehr-kollnburg.de\/wp-content\/uploads\/2023\/06\/Festausschuss.jpg 2048w\" sizes=\"auto, (max-width: 1024px) 100vw, 1024px\" \/><\/a><\/figure>\n<\/figure>\n\n\n\n<p>Es sind noch 40 Tage bis zum Gr\u00fcndungsfest!<\/p>\n\n\n\n<p>Um so ein Fest auf die Beine zu stellen, braucht es viele Personen, die dies erm\u00f6glichen.<\/p>\n\n\n\n<p>Bei uns in Kollnburg ist es immer wieder sch\u00f6n, wenn bei so einem Gr\u00fcndungsfest oder auch beim allj\u00e4hrlichen Heimatfest so zusammengehalten wird.<\/p>\n\n\n\n<p>Es <a><\/a>ist nicht nur der Festverein, nein sondern auch die anderen Vereine und die B\u00fcrger im Dorf helfen alle mit. Das macht ein Dorfleben aus!<\/p>\n\n\n\n<p>Bis es aber so weit ist, ist sehr viel Arbeit im Vorfeld zu erledigen.<\/p>\n\n\n\n<p>Dadurch wurde im Mai 2022 ein Festausschuss f\u00fcr das Fest gegr\u00fcndet.<\/p>\n\n\n\n<p>Diesen m\u00f6chten wir euch heute vorstellen. Im Festausschuss sind bei uns die Mitglieder der Vorstandschaft vertreten. Ebenso weitere Personen die am Gr\u00fcndungsfest einen Bereich oder Verantwortung \u00fcbernehmen.<\/p>\n\n\n\n<p>Bis heute wurden 15 Festausschusssitzungen abgehalten.<\/p>\n\n\n\n<p>Und noch unz\u00e4hlige Besprechungen im kleinen Rahmen.<\/p>\n\n\n\n<p>Wir freuen uns schon aufs Fest.<\/p>\n\n\n\n<p>Auf euren Besuch umso mehr.<\/p>\n\n\n\n<p>FF Kollnburg<\/p>\n","protected":false},"excerpt":{"rendered":"<p>Festausschuss Heimat- und 150-j\u00e4hriges Gr\u00fcndungsfest<\/p>\n","protected":false},"author":1,"featured_media":4711,"comment_status":"closed","ping_status":"closed","sticky":false,"template":"","format":"standard","meta":{"_genesis_hide_title":false,"_genesis_hide_breadcrumbs":false,"_genesis_hide_singular_image":false,"_genesis_hide_footer_widgets":false,"_genesis_custom_body_class":"","_genesis_custom_post_class":"","_genesis_layout":"full-width-content","footnotes":""},"categories":[40,11],"tags":[],"class_list":{"0":"post-4710","1":"post","2":"type-post","3":"status-publish","4":"format-standard","5":"has-post-thumbnail","7":"category-verein-150-jaehriges-gruendingsfest","8":"category-verein-aktuelles","9":"entry"},"featured_image_src":"https:\/\/feuerwehr-kollnburg.de\/wp-content\/uploads\/2023\/06\/Festausschuss-600x400.jpg","featured_image_src_square":"https:\/\/feuerwehr-kollnburg.de\/wp-content\/uploads\/2023\/06\/Festausschuss-600x600.jpg","author_info":{"display_name":false,"author_link":"https:\/\/feuerwehr-kollnburg.de\/?author=1"},"_links":{"self":[{"href":"https:\/\/feuerwehr-kollnburg.de\/index.php?rest_route=\/wp\/v2\/posts\/4710","targetHints":{"allow":["GET"]}}],"collection":[{"href":"https:\/\/feuerwehr-kollnburg.de\/index.php?rest_route=\/wp\/v2\/posts"}],"about":[{"href":"https:\/\/feuerwehr-kollnburg.de\/index.php?rest_route=\/wp\/v2\/types\/post"}],"author":[{"embeddable":true,"href":"https:\/\/feuerwehr-kollnburg.de\/index.php?rest_route=\/wp\/v2\/users\/1"}],"replies":[{"embeddable":true,"href":"https:\/\/feuerwehr-kollnburg.de\/index.php?rest_route=%2Fwp%2Fv2%2Fcomments&post=4710"}],"version-history":[{"count":1,"href":"https:\/\/feuerwehr-kollnburg.de\/index.php?rest_route=\/wp\/v2\/posts\/4710\/revisions"}],"predecessor-version":[{"id":4712,"href":"https:\/\/feuerwehr-kollnburg.de\/index.php?rest_route=\/wp\/v2\/posts\/4710\/revisions\/4712"}],"wp:featuredmedia":[{"embeddable":true,"href":"https:\/\/feuerwehr-kollnburg.de\/index.php?rest_route=\/wp\/v2\/media\/4711"}],"wp:attachment":[{"href":"https:\/\/feuerwehr-kollnburg.de\/index.php?rest_route=%2Fwp%2Fv2%2Fmedia&parent=4710"}],"wp:term":[{"taxonomy":"category","embeddable":true,"href":"https:\/\/feuerwehr-kollnburg.de\/index.php?rest_route=%2Fwp%2Fv2%2Fcategories&post=4710"},{"taxonomy":"post_tag","embeddable":true,"href":"https:\/\/feuerwehr-kollnburg.de\/index.php?rest_route=%2Fwp%2Fv2%2Ftags&post=4710"}],"curies":[{"name":"wp","href":"https:\/\/api.w.org\/{rel}","templated":true}]}}