{"id":4336,"date":"2022-08-04T10:41:17","date_gmt":"2022-08-04T10:41:17","guid":{"rendered":"https:\/\/feuerwehr-kollnburg.de\/?p=4336"},"modified":"2022-08-04T10:41:57","modified_gmt":"2022-08-04T10:41:57","slug":"ehrung-unseres-kommandanten","status":"publish","type":"post","link":"https:\/\/feuerwehr-kollnburg.de\/?p=4336","title":{"rendered":"Ehrung unseres Kommandanten"},"content":{"rendered":"\n<p>Unser Kommandant Dietl Marco bekam dieses Jahr zwei gro\u00dfe Ehrungen. In der Dienstversammlung am 15. Mai des Kreisfeuerwehrverbandes Regen wurde er f\u00fcr die Arbeit und T\u00e4tigkeit in der Feuerwehr mit dem Ehrenkreuz des Landesfeuerwehrverbandes Bayern in Silber ausgezeichnet.  <br>Bericht PNP:  <a href=\"https:\/\/plus.pnp.de\/lokales\/viechtach\/4323150_Vier-Ehrungen-und-zwei-Aemterneuvergaben.html?fbclid=IwAR369EegHvcveGXx7s8-Z2r88AfsBuhUytQVQuHIhFTgDJy2WAuIzsVBouU\">Vier Ehrungen und zwei \u00c4mterneuvergaben<\/a> Unser Kommandant Dietl Marco bekam dieses Jahr zwei gro\u00dfe Ehrungen. Unser Kommandant Dietl Marco bekam dieses Jahr zwei gro\u00dfe Ehrungen. In der Dienstversammlung am 15. Mai des Kreisfeuerwehrverbandes Regen wurde er f\u00fcr die Arbeit und T\u00e4tigkeit in der Feuerwehr mit dem Ehrenkreuz des Landesfeuerwehrverbandes Bayern in Silber ausgezeichnet.  <br>Bericht PNP:  <a href=\"https:\/\/plus.pnp.de\/lokales\/viechtach\/4323150_Vier-Ehrungen-und-zwei-Aemterneuvergaben.html?fbclid=IwAR369EegHvcveGXx7s8-Z2r88AfsBuhUytQVQuHIhFTgDJy2WAuIzsVBouU\">Vier Ehrungen und zwei \u00c4mterneuvergaben<\/a><\/p>\n\n\n\n<p> Am Freitag den 29. Juli wurde Dietl Marco in Landshut die \u00f6ffentliche Anerkennung f\u00fcr die Rettung von Menschen aus Lebensgefahr ausgeh\u00e4ndigt. Im Juni 2021 waren 4 Kinder mit dem Fahrrad unterwegs, eins davon st\u00fcrzte und verletzte sich schwer. Marco war bei dem Unfall in der N\u00e4he und reagierte schnell.Der Junge war lebensbedrohlich Verletzt, Marco setzte sofort einen Druckverband und betreute den Jungen bis zum Eintreffen des Rettungsdienstes. Bericht PNP: <a rel=\"noreferrer noopener\" aria-label=\"Eine Medaille f\u00fcr den Lebensretter: Marco Dietl hatte verletztem Buben geholfen (\u00f6ffnet in neuem Tab)\" href=\"https:\/\/www.pnp.de\/lokales\/landkreis-regen\/viechtach\/Eine-Medaille-fuer-den-Lebensretter-Marco-Dietl-hatte-verletztem-Buben-geholfen-4387996.html?fbclid=IwAR1VzU9ElAhUZ2ciWo81roEhCO8jmEqZEmXocOulbHWL3t-DxSCv7bggpRc\" target=\"_blank\">Eine Medaille f\u00fcr den Lebensretter: Marco Dietl hatte verletztem Buben geholfen<\/a><\/p>\n\n\n\n<p>Ebenso ist Marco seit dem 27. Juli der neue Kreisbrandmeister f\u00fcr den Bereich der Gemeinden Prackenbach und Kollnburg. <br>Bericht PNP: <a rel=\"noreferrer noopener\" aria-label=\"Personalrochade bei den Kreisbrandmeistern (\u00f6ffnet in neuem Tab)\" href=\"https:\/\/www.pnp.de\/lokales\/landkreis-regen\/viechtach\/Personalrochade-bei-den-Kreisbrandmeistern-Thomas-Penzkofer-ist-nun-KBM-fuer-Viechtach-4386812.html?fbclid=IwAR3zmMp9Wh1irrieNP4VZc0tvAVr_QcQVFp19NH-OX7-lb76THZDSYTW46U\" target=\"_blank\">Personalrochade bei den Kreisbrandmeistern<\/a><\/p>\n\n\n\n<p>FF Kollnburg<\/p>\n\n\n\n<figure class=\"wp-block-gallery columns-1 is-cropped wp-block-gallery-1 is-layout-flex wp-block-gallery-is-layout-flex\"><ul class=\"blocks-gallery-grid\"><li class=\"blocks-gallery-item\"><figure><a href=\"https:\/\/feuerwehr-kollnburg.de\/wp-content\/uploads\/2022\/08\/Foto_27-07-2022n.jpg\"><img loading=\"lazy\" decoding=\"async\" width=\"843\" height=\"759\" src=\"https:\/\/feuerwehr-kollnburg.de\/wp-content\/uploads\/2022\/08\/Foto_27-07-2022n.jpg\" alt=\"\" data-id=\"4337\" data-full-url=\"https:\/\/feuerwehr-kollnburg.de\/wp-content\/uploads\/2022\/08\/Foto_27-07-2022n.jpg\" data-link=\"https:\/\/feuerwehr-kollnburg.de\/?attachment_id=4337\" class=\"wp-image-4337\" srcset=\"https:\/\/feuerwehr-kollnburg.de\/wp-content\/uploads\/2022\/08\/Foto_27-07-2022n.jpg 843w, https:\/\/feuerwehr-kollnburg.de\/wp-content\/uploads\/2022\/08\/Foto_27-07-2022n-300x270.jpg 300w, https:\/\/feuerwehr-kollnburg.de\/wp-content\/uploads\/2022\/08\/Foto_27-07-2022n-768x691.jpg 768w\" sizes=\"auto, (max-width: 843px) 100vw, 843px\" \/><\/a><\/figure><\/li><\/ul><\/figure>\n\n\n\n<p>Foto: Regierung von Niederbayern<\/p>\n","protected":false},"excerpt":{"rendered":"<p>Unser Kommandant Dietl Marco bekam dieses Jahr zwei gro\u00dfe Ehrungen.<\/p>\n","protected":false},"author":1,"featured_media":4337,"comment_status":"closed","ping_status":"closed","sticky":false,"template":"","format":"standard","meta":{"_genesis_hide_title":false,"_genesis_hide_breadcrumbs":false,"_genesis_hide_singular_image":false,"_genesis_hide_footer_widgets":false,"_genesis_custom_body_class":"","_genesis_custom_post_class":"","_genesis_layout":"full-width-content","footnotes":""},"categories":[9],"tags":[],"class_list":{"0":"post-4336","1":"post","2":"type-post","3":"status-publish","4":"format-standard","5":"has-post-thumbnail","7":"category-aktiverdienst-aktuelles","8":"entry"},"featured_image_src":"https:\/\/feuerwehr-kollnburg.de\/wp-content\/uploads\/2022\/08\/Foto_27-07-2022n-600x400.jpg","featured_image_src_square":"https:\/\/feuerwehr-kollnburg.de\/wp-content\/uploads\/2022\/08\/Foto_27-07-2022n-600x600.jpg","author_info":{"display_name":false,"author_link":"https:\/\/feuerwehr-kollnburg.de\/?author=1"},"_links":{"self":[{"href":"https:\/\/feuerwehr-kollnburg.de\/index.php?rest_route=\/wp\/v2\/posts\/4336","targetHints":{"allow":["GET"]}}],"collection":[{"href":"https:\/\/feuerwehr-kollnburg.de\/index.php?rest_route=\/wp\/v2\/posts"}],"about":[{"href":"https:\/\/feuerwehr-kollnburg.de\/index.php?rest_route=\/wp\/v2\/types\/post"}],"author":[{"embeddable":true,"href":"https:\/\/feuerwehr-kollnburg.de\/index.php?rest_route=\/wp\/v2\/users\/1"}],"replies":[{"embeddable":true,"href":"https:\/\/feuerwehr-kollnburg.de\/index.php?rest_route=%2Fwp%2Fv2%2Fcomments&post=4336"}],"version-history":[{"count":1,"href":"https:\/\/feuerwehr-kollnburg.de\/index.php?rest_route=\/wp\/v2\/posts\/4336\/revisions"}],"predecessor-version":[{"id":4338,"href":"https:\/\/feuerwehr-kollnburg.de\/index.php?rest_route=\/wp\/v2\/posts\/4336\/revisions\/4338"}],"wp:featuredmedia":[{"embeddable":true,"href":"https:\/\/feuerwehr-kollnburg.de\/index.php?rest_route=\/wp\/v2\/media\/4337"}],"wp:attachment":[{"href":"https:\/\/feuerwehr-kollnburg.de\/index.php?rest_route=%2Fwp%2Fv2%2Fmedia&parent=4336"}],"wp:term":[{"taxonomy":"category","embeddable":true,"href":"https:\/\/feuerwehr-kollnburg.de\/index.php?rest_route=%2Fwp%2Fv2%2Fcategories&post=4336"},{"taxonomy":"post_tag","embeddable":true,"href":"https:\/\/feuerwehr-kollnburg.de\/index.php?rest_route=%2Fwp%2Fv2%2Ftags&post=4336"}],"curies":[{"name":"wp","href":"https:\/\/api.w.org\/{rel}","templated":true}]}}